{"id":6918,"date":"2025-06-27T11:45:15","date_gmt":"2025-06-27T09:45:15","guid":{"rendered":"https:\/\/campaniashopping.it\/blog\/?p=6918"},"modified":"2025-06-27T15:18:48","modified_gmt":"2025-06-27T13:18:48","slug":"notte-tamorra-napoli","status":"publish","type":"post","link":"https:\/\/campaniashopping.it\/blog\/eventi\/notte-tamorra-napoli\/","title":{"rendered":"La Notte della Tammorra 2025 a Napoli"},"content":{"rendered":"\t\t<div data-elementor-type=\"wp-post\" data-elementor-id=\"6918\" class=\"elementor elementor-6918\" data-elementor-post-type=\"post\">\n\t\t\t\t<div class=\"elementor-element elementor-element-60a3056 e-flex e-con-boxed wpr-particle-no wpr-jarallax-no wpr-parallax-no wpr-sticky-section-no wpr-equal-height-no e-con e-parent\" data-id=\"60a3056\" data-element_type=\"container\" data-e-type=\"container\">\n\t\t\t\t\t<div class=\"e-con-inner\">\n\t\t\t\t<div class=\"elementor-element elementor-element-4811a2a elementor-widget elementor-widget-heading\" data-id=\"4811a2a\" data-element_type=\"widget\" data-e-type=\"widget\" data-widget_type=\"heading.default\">\n\t\t\t\t<div class=\"elementor-widget-container\">\n\t\t\t\t\t<h2 class=\"elementor-heading-title elementor-size-default\">Quando si svolge la Festa della Madonna del Carmine 2025?<\/h2>\t\t\t\t<\/div>\n\t\t\t\t<\/div>\n\t\t\t\t<div class=\"elementor-element elementor-element-24aac61 elementor-widget elementor-widget-text-editor\" data-id=\"24aac61\" data-element_type=\"widget\" data-e-type=\"widget\" data-widget_type=\"text-editor.default\">\n\t\t\t\t<div class=\"elementor-widget-container\">\n\t\t\t\t\t\t\t\t\t<p data-start=\"301\" data-end=\"631\">La <strong data-start=\"304\" data-end=\"344\">Festa della Madonna del Carmine 2025<\/strong> si terr\u00e0 a <strong data-start=\"356\" data-end=\"386\">Napoli dal 13 al 16 luglio<\/strong>, come da tradizione ormai secolare. Il cuore pulsante delle celebrazioni \u00e8 la storica <strong data-start=\"473\" data-end=\"495\">Piazza del Carmine<\/strong>, situata nel quartiere Mercato, che per quattro giorni si anima con processioni religiose, mercatini artigianali e concerti dal vivo.<\/p><p data-start=\"633\" data-end=\"863\">L\u2019evento culmina nella serata del <strong data-start=\"667\" data-end=\"680\">15 luglio<\/strong>, con lo straordinario <strong data-start=\"703\" data-end=\"729\">Incendio del Campanile<\/strong>, un imponente spettacolo pirotecnico che avvolge la basilica omonima, diventando ogni anno una vera e propria attrazione cittadina.<\/p><p data-start=\"865\" data-end=\"1106\">Facilmente raggiungibile con la <strong data-start=\"897\" data-end=\"955\">metropolitana Linea 1 (fermata Universit\u00e0 o Garibaldi)<\/strong> e diverse linee autobus, la zona si trasforma in un\u2019area pedonale temporanea per consentire ai visitatori di vivere appieno l\u2019atmosfera della festa.<\/p><p data-start=\"1108\" data-end=\"1304\">Partecipare alla Festa del Carmine \u00e8 gratuito, ma si consiglia di arrivare con anticipo, soprattutto il 15 luglio, per ottenere i migliori punti di osservazione e godere degli eventi in sicurezza.<\/p>\t\t\t\t\t\t\t\t<\/div>\n\t\t\t\t<\/div>\n\t\t\t\t<div class=\"elementor-element elementor-element-5056807 elementor-widget elementor-widget-heading\" data-id=\"5056807\" data-element_type=\"widget\" data-e-type=\"widget\" data-widget_type=\"heading.default\">\n\t\t\t\t<div class=\"elementor-widget-container\">\n\t\t\t\t\t<h2 class=\"elementor-heading-title elementor-size-default\">Programma completo della Festa del Carmine a Napoli<\/h2>\t\t\t\t<\/div>\n\t\t\t\t<\/div>\n\t\t\t\t<div class=\"elementor-element elementor-element-880b89f elementor-widget elementor-widget-text-editor\" data-id=\"880b89f\" data-element_type=\"widget\" data-e-type=\"widget\" data-widget_type=\"text-editor.default\">\n\t\t\t\t<div class=\"elementor-widget-container\">\n\t\t\t\t\t\t\t\t\t<p>Il <strong data-start=\"293\" data-end=\"349\">programma della Festa della Madonna del Carmine 2025<\/strong> prevede quattro giornate di eventi religiosi, culturali e musicali che animano il centro storico di Napoli. Ogni giorno \u00e8 scandito da momenti solenni e occasioni di svago che attirano fedeli, curiosi e turisti da ogni parte della Campania.<\/p>\t\t\t\t\t\t\t\t<\/div>\n\t\t\t\t<\/div>\n\t\t\t\t<div class=\"elementor-element elementor-element-a5a010f elementor-widget elementor-widget-heading\" data-id=\"a5a010f\" data-element_type=\"widget\" data-e-type=\"widget\" data-widget_type=\"heading.default\">\n\t\t\t\t<div class=\"elementor-widget-container\">\n\t\t\t\t\t<h3 class=\"elementor-heading-title elementor-size-default\">13 e 14 luglio \u2013 Apertura della Fiera del Carmine<\/h3>\t\t\t\t<\/div>\n\t\t\t\t<\/div>\n\t\t\t\t<div class=\"elementor-element elementor-element-48bef2c elementor-widget elementor-widget-text-editor\" data-id=\"48bef2c\" data-element_type=\"widget\" data-e-type=\"widget\" data-widget_type=\"text-editor.default\">\n\t\t\t\t<div class=\"elementor-widget-container\">\n\t\t\t\t\t\t\t\t\t<p data-start=\"649\" data-end=\"985\">Le celebrazioni iniziano il <strong data-start=\"677\" data-end=\"690\">13 luglio<\/strong> con l&#8217;inaugurazione della tradizionale <strong data-start=\"730\" data-end=\"751\">Fiera del Carmine<\/strong>: un&#8217;esposizione all\u2019aperto di prodotti artigianali, specialit\u00e0 gastronomiche e oggetti devozionali. Piazza del Carmine si riempie di stand, musica popolare e artisti di strada, in un\u2019atmosfera di festa che coinvolge grandi e piccoli.<\/p><p data-start=\"987\" data-end=\"1158\">Durante queste giornate, si tengono anche eventi musicali, laboratori per bambini e visite guidate alla basilica, aperta straordinariamente con percorsi storico-religiosi.<\/p>\t\t\t\t\t\t\t\t<\/div>\n\t\t\t\t<\/div>\n\t\t\t\t<div class=\"elementor-element elementor-element-20aee99 elementor-widget elementor-widget-heading\" data-id=\"20aee99\" data-element_type=\"widget\" data-e-type=\"widget\" data-widget_type=\"heading.default\">\n\t\t\t\t<div class=\"elementor-widget-container\">\n\t\t\t\t\t<h3 class=\"elementor-heading-title elementor-size-default\">15 luglio \u2013 Concerto e Incendio del Campanile<\/h3>\t\t\t\t<\/div>\n\t\t\t\t<\/div>\n\t\t\t\t<div class=\"elementor-element elementor-element-767de63 elementor-widget elementor-widget-text-editor\" data-id=\"767de63\" data-element_type=\"widget\" data-e-type=\"widget\" data-widget_type=\"text-editor.default\">\n\t\t\t\t<div class=\"elementor-widget-container\">\n\t\t\t\t\t\t\t\t\t<p data-start=\"1214\" data-end=\"1616\">Il <strong data-start=\"1217\" data-end=\"1247\">15 luglio \u00e8 il giorno clou<\/strong> della festa. In serata, l\u2019appuntamento \u00e8 con un <strong data-start=\"1296\" data-end=\"1334\">grande concerto gratuito in piazza<\/strong> (artista ospite da confermare), seguito dal celebre <strong data-start=\"1387\" data-end=\"1413\">Incendio del Campanile<\/strong>, previsto alle ore 22:00. Il campanile della basilica si illumina con giochi pirotecnici in una spettacolare coreografia che simula un incendio, simbolo della salvezza miracolosa avvenuta nel XV secolo.<\/p>\t\t\t\t\t\t\t\t<\/div>\n\t\t\t\t<\/div>\n\t\t\t\t<div class=\"elementor-element elementor-element-0736d8a elementor-widget elementor-widget-heading\" data-id=\"0736d8a\" data-element_type=\"widget\" data-e-type=\"widget\" data-widget_type=\"heading.default\">\n\t\t\t\t<div class=\"elementor-widget-container\">\n\t\t\t\t\t<h3 class=\"elementor-heading-title elementor-size-default\">16 luglio \u2013 Giornata liturgica e processione<\/h3>\t\t\t\t<\/div>\n\t\t\t\t<\/div>\n\t\t\t\t<div class=\"elementor-element elementor-element-03e8e6e elementor-widget elementor-widget-text-editor\" data-id=\"03e8e6e\" data-element_type=\"widget\" data-e-type=\"widget\" data-widget_type=\"text-editor.default\">\n\t\t\t\t<div class=\"elementor-widget-container\">\n\t\t\t\t\t\t\t\t\t<p data-start=\"1670\" data-end=\"1962\">Il <strong data-start=\"1673\" data-end=\"1686\">16 luglio<\/strong> \u00e8 dedicato interamente alla <strong data-start=\"1715\" data-end=\"1738\">devozione religiosa<\/strong>: si susseguono messe solenni, rosari, benedizioni e, nel pomeriggio, la suggestiva <strong data-start=\"1822\" data-end=\"1876\">processione della statua della Madonna del Carmine<\/strong>, accompagnata da bande musicali, canti liturgici e una folla in silenziosa preghiera.<\/p>\t\t\t\t\t\t\t\t<\/div>\n\t\t\t\t<\/div>\n\t\t\t\t<div class=\"elementor-element elementor-element-040eb60 elementor-widget elementor-widget-heading\" data-id=\"040eb60\" data-element_type=\"widget\" data-e-type=\"widget\" data-widget_type=\"heading.default\">\n\t\t\t\t<div class=\"elementor-widget-container\">\n\t\t\t\t\t<h2 class=\"elementor-heading-title elementor-size-default\">Cos\u2019\u00e8 l\u2019Incendio del Campanile e perch\u00e9 \u00e8 cos\u00ec famoso?<\/h2>\t\t\t\t<\/div>\n\t\t\t\t<\/div>\n\t\t\t\t<div class=\"elementor-element elementor-element-4e6c6a9 elementor-widget elementor-widget-text-editor\" data-id=\"4e6c6a9\" data-element_type=\"widget\" data-e-type=\"widget\" data-widget_type=\"text-editor.default\">\n\t\t\t\t<div class=\"elementor-widget-container\">\n\t\t\t\t\t\t\t\t\t<p data-start=\"280\" data-end=\"738\">Tra i momenti pi\u00f9 iconici della Festa della Madonna del Carmine, l\u2019<strong data-start=\"347\" data-end=\"373\">Incendio del Campanile<\/strong> rappresenta l\u2019apice simbolico e visivo dell\u2019intera celebrazione. Ogni anno, la sera del <strong data-start=\"462\" data-end=\"475\">15 luglio<\/strong>, migliaia di persone si raccolgono in <strong data-start=\"514\" data-end=\"536\">Piazza del Carmine<\/strong> per assistere a questo spettacolo mozzafiato: un\u2019esplosione di <strong data-start=\"600\" data-end=\"622\">fuochi pirotecnici<\/strong>, <strong data-start=\"624\" data-end=\"632\">luci<\/strong> e <strong data-start=\"635\" data-end=\"654\">musiche solenni<\/strong> che trasformano il campanile della basilica in un\u2019immagine viva di fede e leggenda.<\/p><p data-start=\"740\" data-end=\"1052\">L\u2019origine di questa tradizione risale al <strong data-start=\"781\" data-end=\"789\">1439<\/strong>, quando la zona fu teatro di un assedio guidato dalle truppe angioine. Secondo la leggenda, nonostante gli intensi bombardamenti, il campanile della chiesa rimase miracolosamente in piedi, considerato un segno della protezione divina della Madonna del Carmelo.<\/p><p data-start=\"1054\" data-end=\"1321\">Per ricordare questo evento straordinario, oggi il campanile viene \u201cincendiato\u201d in modo controllato: decine di dispositivi pirotecnici avvolgono la torre di 75 metri creando l\u2019illusione di un rogo, che per\u00f2 si conclude sempre con un messaggio di rinascita e speranza.<\/p><p data-start=\"1323\" data-end=\"1503\">Questo spettacolo, unico nel suo genere in Italia, \u00e8 non solo un rito collettivo di fede, ma anche un\u2019attrazione scenografica capace di emozionare ogni spettatore, credente o meno.<\/p>\t\t\t\t\t\t\t\t<\/div>\n\t\t\t\t<\/div>\n\t\t\t\t<div class=\"elementor-element elementor-element-e7a6ab5 elementor-widget elementor-widget-heading\" data-id=\"e7a6ab5\" data-element_type=\"widget\" data-e-type=\"widget\" data-widget_type=\"heading.default\">\n\t\t\t\t<div class=\"elementor-widget-container\">\n\t\t\t\t\t<h2 class=\"elementor-heading-title elementor-size-default\">Cosa vedere e fare durante la Festa del Carmine a Napoli<\/h2>\t\t\t\t<\/div>\n\t\t\t\t<\/div>\n\t\t\t\t<div class=\"elementor-element elementor-element-a6926e1 elementor-widget elementor-widget-text-editor\" data-id=\"a6926e1\" data-element_type=\"widget\" data-e-type=\"widget\" data-widget_type=\"text-editor.default\">\n\t\t\t\t<div class=\"elementor-widget-container\">\n\t\t\t\t\t\t\t\t\t<p data-start=\"281\" data-end=\"623\">Partecipare alla <strong data-start=\"298\" data-end=\"338\">Festa della Madonna del Carmine 2025<\/strong> non significa solo vivere un evento religioso, ma immergersi in un\u2019esperienza culturale e sociale a tutto tondo. Attorno alla basilica e lungo le vie del quartiere Mercato si sviluppa un ricco palinsesto di iniziative che mescolano <strong data-start=\"571\" data-end=\"622\">folklore, enogastronomia, musica e spiritualit\u00e0<\/strong>.<\/p><p data-start=\"625\" data-end=\"877\">Tra le prime cose da fare, una passeggiata tra gli stand della <strong data-start=\"688\" data-end=\"709\">Fiera del Carmine<\/strong> \u00e8 d\u2019obbligo: potrai acquistare prodotti artigianali, oggetti sacri, souvenir tipici e delizie locali come sfogliatelle, taralli \u2018nzogna e pepe, cuoppi fritti e bab\u00e0.<\/p><p data-start=\"879\" data-end=\"1094\">Per chi ama l\u2019intrattenimento, ogni sera sono previsti <strong data-start=\"934\" data-end=\"955\">concerti dal vivo<\/strong>, spettacoli per bambini, animazioni itineranti e performance di artisti di strada, che trasformano le piazze in piccoli teatri all\u2019aperto.<\/p><p data-start=\"1096\" data-end=\"1324\">Non mancano le <strong data-start=\"1111\" data-end=\"1173\">visite guidate gratuite alla Basilica del Carmine Maggiore<\/strong>, spesso arricchite da itinerari che raccontano la storia sacra e architettonica del complesso, tra affreschi, reliquie e panorami unici sulla citt\u00e0.<\/p><p data-start=\"1326\" data-end=\"1580\">Infine, per chi desidera vivere la dimensione pi\u00f9 intima dell\u2019evento, \u00e8 possibile assistere alle celebrazioni liturgiche nei vari orari della giornata o unirsi alla processione del 16 luglio, un momento di raccoglimento che coinvolge centinaia di fedeli.<\/p>\t\t\t\t\t\t\t\t<\/div>\n\t\t\t\t<\/div>\n\t\t\t\t<div class=\"elementor-element elementor-element-76e43c6 elementor-widget elementor-widget-heading\" data-id=\"76e43c6\" data-element_type=\"widget\" data-e-type=\"widget\" data-widget_type=\"heading.default\">\n\t\t\t\t<div class=\"elementor-widget-container\">\n\t\t\t\t\t<h2 class=\"elementor-heading-title elementor-size-default\">Come partecipare alla Festa del Carmine 2025<\/h2>\t\t\t\t<\/div>\n\t\t\t\t<\/div>\n\t\t\t\t<div class=\"elementor-element elementor-element-823a4aa elementor-widget elementor-widget-text-editor\" data-id=\"823a4aa\" data-element_type=\"widget\" data-e-type=\"widget\" data-widget_type=\"text-editor.default\">\n\t\t\t\t<div class=\"elementor-widget-container\">\n\t\t\t\t\t\t\t\t\t<p data-start=\"309\" data-end=\"730\">Partecipare alla <strong data-start=\"326\" data-end=\"366\">Festa della Madonna del Carmine 2025<\/strong> \u00e8 semplice e gratuito, ma richiede qualche accorgimento per vivere al meglio l\u2019esperienza. Il primo passo \u00e8 raggiungere <strong data-start=\"487\" data-end=\"509\">Piazza del Carmine<\/strong>, facilmente accessibile grazie ai mezzi pubblici: la <strong data-start=\"563\" data-end=\"594\">Linea 1 della metropolitana<\/strong> (fermata Universit\u00e0 o Garibaldi) \u00e8 la soluzione pi\u00f9 comoda, a cui si aggiungono numerosi autobus che fermano nelle immediate vicinanze.<\/p><p data-start=\"732\" data-end=\"1058\">Durante i giorni dell\u2019evento, soprattutto il 15 luglio, alcune aree vengono <strong data-start=\"808\" data-end=\"840\">chiuse al traffico veicolare<\/strong>, quindi \u00e8 consigliato evitare l\u2019uso dell\u2019auto privata. Per chi arriva da fuori citt\u00e0, sono disponibili <strong data-start=\"944\" data-end=\"967\">parcheggi custoditi<\/strong> nella zona della Stazione Centrale, da cui si pu\u00f2 proseguire a piedi in meno di 15 minuti.<\/p><p data-start=\"1060\" data-end=\"1369\">L\u2019<strong data-start=\"1062\" data-end=\"1083\">ingresso \u00e8 libero<\/strong> e non occorre prenotazione per accedere n\u00e9 alla fiera n\u00e9 agli spettacoli pubblici. Tuttavia, si consiglia di arrivare <strong data-start=\"1202\" data-end=\"1225\">almeno un\u2019ora prima<\/strong> dell\u2019inizio degli eventi serali, come l\u2019Incendio del Campanile, per assicurarsi una buona visuale e gestire al meglio l\u2019afflusso di visitatori.<\/p><p data-start=\"1371\" data-end=\"1585\">Per chi viaggia con bambini o persone con difficolt\u00e0 motorie, l\u2019intera area della festa \u00e8 <strong data-start=\"1461\" data-end=\"1489\">parzialmente accessibile<\/strong>, anche se in alcuni tratti la pavimentazione irregolare pu\u00f2 richiedere un minimo di attenzione.<\/p>\t\t\t\t\t\t\t\t<\/div>\n\t\t\t\t<\/div>\n\t\t\t\t<div class=\"elementor-element elementor-element-3fce0d9 elementor-widget elementor-widget-heading\" data-id=\"3fce0d9\" data-element_type=\"widget\" data-e-type=\"widget\" data-widget_type=\"heading.default\">\n\t\t\t\t<div class=\"elementor-widget-container\">\n\t\t\t\t\t<h3 class=\"elementor-heading-title elementor-size-default\">Perch\u00e9 la Festa della Madonna del Carmine \u00e8 cos\u00ec amata a Napoli<\/h3>\t\t\t\t<\/div>\n\t\t\t\t<\/div>\n\t\t\t\t<div class=\"elementor-element elementor-element-9f1b184 elementor-widget elementor-widget-text-editor\" data-id=\"9f1b184\" data-element_type=\"widget\" data-e-type=\"widget\" data-widget_type=\"text-editor.default\">\n\t\t\t\t<div class=\"elementor-widget-container\">\n\t\t\t\t\t\t\t\t\t<div class=\"dad65929\"><div class=\"_4f9bf79 d7dc56a8 _43c05b5\"><div class=\"ds-markdown ds-markdown--block\"><p data-start=\"325\" data-end=\"610\">La <strong data-start=\"328\" data-end=\"363\">Festa della Madonna del Carmine<\/strong> non \u00e8 solo una manifestazione religiosa: \u00e8 un <strong data-start=\"410\" data-end=\"442\">simbolo identitario profondo<\/strong> per il popolo napoletano. In questa celebrazione si intrecciano <strong data-start=\"507\" data-end=\"557\">fede, storia, tradizione e spirito comunitario<\/strong>, in un legame indissolubile che attraversa i secoli.<\/p><p data-start=\"612\" data-end=\"1065\">La Madonna del Carmelo, o <em data-start=\"638\" data-end=\"657\">Mamma d\u2019o Carmene<\/em> come viene affettuosamente chiamata, \u00e8 considerata <strong data-start=\"709\" data-end=\"735\">protettrice del popolo<\/strong> e in particolare dei pi\u00f9 umili, dei lavoratori e dei pescatori. Da generazioni, i napoletani si rivolgono a Lei nelle difficolt\u00e0, affidandole speranze, voti e preghiere. Non a caso, il suo culto \u00e8 fortemente radicato nei quartieri popolari, dove il sentimento religioso si esprime con una partecipazione autentica e appassionata.<\/p><p data-start=\"1067\" data-end=\"1450\">L\u2019attaccamento alla festa si riflette nella <strong data-start=\"1111\" data-end=\"1135\">cura dei preparativi<\/strong>, nella partecipazione collettiva ai riti e nell&#8217;emozione che accompagna ogni fase dell\u2019evento, dall\u2019alba del 13 luglio fino alla processione finale. Ogni famiglia, ogni anziano, ogni giovane conosce l\u2019incendio del campanile, l\u2019inno alla Madonna e il profumo dell\u2019incenso misto a zucchero filato che riempie l\u2019aria.<\/p><p data-start=\"1452\" data-end=\"1669\">In un mondo che cambia rapidamente, la Festa del Carmine resta <strong data-start=\"1515\" data-end=\"1569\">un punto fermo nella memoria e nel cuore di Napoli<\/strong>, capace di unire sacro e profano, religiosit\u00e0 e festa popolare in un equilibrio unico e commovente.<\/p><\/div><\/div><\/div>\t\t\t\t\t\t\t\t<\/div>\n\t\t\t\t<\/div>\n\t\t\t\t\t<\/div>\n\t\t\t\t<\/div>\n\t\t\t\t<\/div>\n\t\t","protected":false},"excerpt":{"rendered":"<p>Ogni estate Napoli si trasforma in un palcoscenico a cielo aperto per celebrare una delle sue tradizioni pi\u00f9 sentite: la Notte della Tammorra. Dal 1\u00b0 al 5 luglio 2025, Piazza Mercato diventer\u00e0 il cuore pulsante di una festa popolare che intreccia musica, danza, fede e identit\u00e0 meridionale. Un evento gratuito e aperto a tutti, che quest\u2019anno si arricchisce di ospiti di prestigio come Serena Rossi, Peppe Barra e il Canzoniere Grecanico Salentino, insieme a maestri della tammurriata e giovani interpreti della tradizione.<\/p>\n<p>Tra spettacoli, laboratori e riti collettivi, questa XXIII edizione promette di essere un\u2019esperienza indimenticabile per chiunque voglia riscoprire le radici della cultura del Sud in chiave contemporanea, ballando fino all\u2019alba sulle note delle tammorre e delle pizziche.<\/p>\n","protected":false},"author":2,"featured_media":6919,"comment_status":"closed","ping_status":"open","sticky":false,"template":"","format":"standard","meta":{"footnotes":""},"categories":[3,175],"tags":[],"class_list":["post-6918","post","type-post","status-publish","format-standard","has-post-thumbnail","hentry","category-eventi","category-feste"],"yoast_head":"<!-- This site is optimized with the Yoast SEO Premium plugin v27.4 (Yoast SEO v27.5) - https:\/\/yoast.com\/product\/yoast-seo-premium-wordpress\/ -->\n<title>Notte della Tammorra 2025 a Napoli: programma e artisti<\/title>\n<meta name=\"description\" content=\"Scopri tutto sulla Notte della Tammorra 2025 a Napoli: programma, ospiti, laboratori e concerti dal 1\u00b0 al 5 luglio in Piazza Mercato.\" \/>\n<meta name=\"robots\" content=\"index, follow, max-snippet:-1, max-image-preview:large, max-video-preview:-1\" \/>\n<link rel=\"canonical\" href=\"https:\/\/campaniashopping.it\/blog\/eventi\/notte-tamorra-napoli\/\" \/>\n<meta property=\"og:locale\" content=\"it_IT\" \/>\n<meta property=\"og:type\" content=\"article\" \/>\n<meta property=\"og:title\" content=\"La Notte della Tammorra 2025 a Napoli\" \/>\n<meta property=\"og:description\" content=\"Scopri tutto sulla Notte della Tammorra 2025 a Napoli: programma, ospiti, laboratori e concerti dal 1\u00b0 al 5 luglio in Piazza Mercato.\" \/>\n<meta property=\"og:url\" content=\"https:\/\/campaniashopping.it\/blog\/eventi\/notte-tamorra-napoli\/\" \/>\n<meta property=\"og:site_name\" content=\"Blog Campania\" \/>\n<meta property=\"article:published_time\" content=\"2025-06-27T09:45:15+00:00\" \/>\n<meta property=\"article:modified_time\" content=\"2025-06-27T13:18:48+00:00\" \/>\n<meta property=\"og:image\" content=\"https:\/\/campaniashopping.it\/blog\/wp-content\/uploads\/2025\/06\/notte-della-tamorra-a-napoli.webp\" \/>\n\t<meta property=\"og:image:width\" content=\"800\" \/>\n\t<meta property=\"og:image:height\" content=\"600\" \/>\n\t<meta property=\"og:image:type\" content=\"image\/webp\" \/>\n<meta name=\"author\" content=\"Vincenzo Petrazzuolo\" \/>\n<meta name=\"twitter:card\" content=\"summary_large_image\" \/>\n<meta name=\"twitter:label1\" content=\"Scritto da\" \/>\n\t<meta name=\"twitter:data1\" content=\"Vincenzo Petrazzuolo\" \/>\n<script type=\"application\/ld+json\" class=\"yoast-schema-graph\">{\"@context\":\"https:\\\/\\\/schema.org\",\"@graph\":[{\"@type\":[\"Article\",\"BlogPosting\"],\"@id\":\"https:\\\/\\\/campaniashopping.it\\\/blog\\\/eventi\\\/notte-tamorra-napoli\\\/#article\",\"isPartOf\":{\"@id\":\"https:\\\/\\\/campaniashopping.it\\\/blog\\\/eventi\\\/notte-tamorra-napoli\\\/\"},\"author\":{\"name\":\"Vincenzo Petrazzuolo\",\"@id\":\"https:\\\/\\\/campaniashopping.it\\\/blog\\\/#\\\/schema\\\/person\\\/2fbe0c1e1aa91523873f017c157d96e3\"},\"headline\":\"La Notte della Tammorra 2025 a Napoli\",\"datePublished\":\"2025-06-27T09:45:15+00:00\",\"dateModified\":\"2025-06-27T13:18:48+00:00\",\"mainEntityOfPage\":{\"@id\":\"https:\\\/\\\/campaniashopping.it\\\/blog\\\/eventi\\\/notte-tamorra-napoli\\\/\"},\"wordCount\":1178,\"publisher\":{\"@id\":\"https:\\\/\\\/campaniashopping.it\\\/blog\\\/#organization\"},\"image\":{\"@id\":\"https:\\\/\\\/campaniashopping.it\\\/blog\\\/eventi\\\/notte-tamorra-napoli\\\/#primaryimage\"},\"thumbnailUrl\":\"https:\\\/\\\/campaniashopping.it\\\/blog\\\/wp-content\\\/uploads\\\/2025\\\/06\\\/notte-della-tamorra-a-napoli.webp\",\"articleSection\":[\"Eventi\",\"Feste\"],\"inLanguage\":\"it-IT\"},{\"@type\":\"WebPage\",\"@id\":\"https:\\\/\\\/campaniashopping.it\\\/blog\\\/eventi\\\/notte-tamorra-napoli\\\/\",\"url\":\"https:\\\/\\\/campaniashopping.it\\\/blog\\\/eventi\\\/notte-tamorra-napoli\\\/\",\"name\":\"Notte della Tammorra 2025 a Napoli: programma e artisti\",\"isPartOf\":{\"@id\":\"https:\\\/\\\/campaniashopping.it\\\/blog\\\/#website\"},\"primaryImageOfPage\":{\"@id\":\"https:\\\/\\\/campaniashopping.it\\\/blog\\\/eventi\\\/notte-tamorra-napoli\\\/#primaryimage\"},\"image\":{\"@id\":\"https:\\\/\\\/campaniashopping.it\\\/blog\\\/eventi\\\/notte-tamorra-napoli\\\/#primaryimage\"},\"thumbnailUrl\":\"https:\\\/\\\/campaniashopping.it\\\/blog\\\/wp-content\\\/uploads\\\/2025\\\/06\\\/notte-della-tamorra-a-napoli.webp\",\"datePublished\":\"2025-06-27T09:45:15+00:00\",\"dateModified\":\"2025-06-27T13:18:48+00:00\",\"description\":\"Scopri tutto sulla Notte della Tammorra 2025 a Napoli: programma, ospiti, laboratori e concerti dal 1\u00b0 al 5 luglio in Piazza Mercato.\",\"breadcrumb\":{\"@id\":\"https:\\\/\\\/campaniashopping.it\\\/blog\\\/eventi\\\/notte-tamorra-napoli\\\/#breadcrumb\"},\"inLanguage\":\"it-IT\",\"potentialAction\":[{\"@type\":\"ReadAction\",\"target\":[\"https:\\\/\\\/campaniashopping.it\\\/blog\\\/eventi\\\/notte-tamorra-napoli\\\/\"]}]},{\"@type\":\"ImageObject\",\"inLanguage\":\"it-IT\",\"@id\":\"https:\\\/\\\/campaniashopping.it\\\/blog\\\/eventi\\\/notte-tamorra-napoli\\\/#primaryimage\",\"url\":\"https:\\\/\\\/campaniashopping.it\\\/blog\\\/wp-content\\\/uploads\\\/2025\\\/06\\\/notte-della-tamorra-a-napoli.webp\",\"contentUrl\":\"https:\\\/\\\/campaniashopping.it\\\/blog\\\/wp-content\\\/uploads\\\/2025\\\/06\\\/notte-della-tamorra-a-napoli.webp\",\"width\":800,\"height\":600,\"caption\":\"notte della tamorra a napoli\"},{\"@type\":\"BreadcrumbList\",\"@id\":\"https:\\\/\\\/campaniashopping.it\\\/blog\\\/eventi\\\/notte-tamorra-napoli\\\/#breadcrumb\",\"itemListElement\":[{\"@type\":\"ListItem\",\"position\":1,\"name\":\"Campaniablog\",\"item\":\"https:\\\/\\\/campaniashopping.it\\\/blog\\\/\"},{\"@type\":\"ListItem\",\"position\":2,\"name\":\"Eventi\",\"item\":\"https:\\\/\\\/campaniashopping.it\\\/blog\\\/eventi\\\/\"},{\"@type\":\"ListItem\",\"position\":3,\"name\":\"La Notte della Tammorra 2025 a Napoli\"}]},{\"@type\":\"WebSite\",\"@id\":\"https:\\\/\\\/campaniashopping.it\\\/blog\\\/#website\",\"url\":\"https:\\\/\\\/campaniashopping.it\\\/blog\\\/\",\"name\":\"Ledblog Campania\",\"description\":\"\",\"publisher\":{\"@id\":\"https:\\\/\\\/campaniashopping.it\\\/blog\\\/#organization\"},\"alternateName\":\"blog campaniashopping\",\"potentialAction\":[{\"@type\":\"SearchAction\",\"target\":{\"@type\":\"EntryPoint\",\"urlTemplate\":\"https:\\\/\\\/campaniashopping.it\\\/blog\\\/?s={search_term_string}\"},\"query-input\":{\"@type\":\"PropertyValueSpecification\",\"valueRequired\":true,\"valueName\":\"search_term_string\"}}],\"inLanguage\":\"it-IT\"},{\"@type\":\"Organization\",\"@id\":\"https:\\\/\\\/campaniashopping.it\\\/blog\\\/#organization\",\"name\":\"USB\",\"alternateName\":\"Ledblog Campania\",\"url\":\"https:\\\/\\\/campaniashopping.it\\\/blog\\\/\",\"logo\":{\"@type\":\"ImageObject\",\"inLanguage\":\"it-IT\",\"@id\":\"https:\\\/\\\/campaniashopping.it\\\/blog\\\/#\\\/schema\\\/logo\\\/image\\\/\",\"url\":\"\",\"contentUrl\":\"\",\"caption\":\"USB\"},\"image\":{\"@id\":\"https:\\\/\\\/campaniashopping.it\\\/blog\\\/#\\\/schema\\\/logo\\\/image\\\/\"},\"description\":\"Ledblog Lombardia ha lo scopo di realizzare articoli che possano mettere in risalto luoghi ed eventi di tutta la lombardia.\"},{\"@type\":\"Person\",\"@id\":\"https:\\\/\\\/campaniashopping.it\\\/blog\\\/#\\\/schema\\\/person\\\/2fbe0c1e1aa91523873f017c157d96e3\",\"name\":\"Vincenzo Petrazzuolo\",\"image\":{\"@type\":\"ImageObject\",\"inLanguage\":\"it-IT\",\"@id\":\"https:\\\/\\\/secure.gravatar.com\\\/avatar\\\/499843695e056c2272a50777191130ffbf6c6cfac19942aa9f1c396321af5d02?s=96&d=mm&r=g\",\"url\":\"https:\\\/\\\/secure.gravatar.com\\\/avatar\\\/499843695e056c2272a50777191130ffbf6c6cfac19942aa9f1c396321af5d02?s=96&d=mm&r=g\",\"contentUrl\":\"https:\\\/\\\/secure.gravatar.com\\\/avatar\\\/499843695e056c2272a50777191130ffbf6c6cfac19942aa9f1c396321af5d02?s=96&d=mm&r=g\",\"caption\":\"Vincenzo Petrazzuolo\"},\"description\":\"Laureato in Scienze Geologiche e SEO Specialist; ama fare sport, viaggiare e giocare ai videogames. Con una smodata curiosit\u00e0 per gli ambiti scientifici, esplora e approfondisce costantemente il mondo della tecnologia, dell'ambiente e del food \u2014 adora cucinare, e soprattutto mangiare. Sempre alla ricerca di nuove sfide, \u00e8 esperto nella scrittura e nell'analisi di contenuti digitali, con un focus sulla definizione di strategie efficaci per il posizionamento sui motori di ricerca.\"}]}<\/script>\n<!-- \/ Yoast SEO Premium plugin. -->","yoast_head_json":{"title":"Notte della Tammorra 2025 a Napoli: programma e artisti","description":"Scopri tutto sulla Notte della Tammorra 2025 a Napoli: programma, ospiti, laboratori e concerti dal 1\u00b0 al 5 luglio in Piazza Mercato.","robots":{"index":"index","follow":"follow","max-snippet":"max-snippet:-1","max-image-preview":"max-image-preview:large","max-video-preview":"max-video-preview:-1"},"canonical":"https:\/\/campaniashopping.it\/blog\/eventi\/notte-tamorra-napoli\/","og_locale":"it_IT","og_type":"article","og_title":"La Notte della Tammorra 2025 a Napoli","og_description":"Scopri tutto sulla Notte della Tammorra 2025 a Napoli: programma, ospiti, laboratori e concerti dal 1\u00b0 al 5 luglio in Piazza Mercato.","og_url":"https:\/\/campaniashopping.it\/blog\/eventi\/notte-tamorra-napoli\/","og_site_name":"Blog Campania","article_published_time":"2025-06-27T09:45:15+00:00","article_modified_time":"2025-06-27T13:18:48+00:00","og_image":[{"width":800,"height":600,"url":"https:\/\/campaniashopping.it\/blog\/wp-content\/uploads\/2025\/06\/notte-della-tamorra-a-napoli.webp","type":"image\/webp"}],"author":"Vincenzo Petrazzuolo","twitter_card":"summary_large_image","twitter_misc":{"Scritto da":"Vincenzo Petrazzuolo"},"schema":{"@context":"https:\/\/schema.org","@graph":[{"@type":["Article","BlogPosting"],"@id":"https:\/\/campaniashopping.it\/blog\/eventi\/notte-tamorra-napoli\/#article","isPartOf":{"@id":"https:\/\/campaniashopping.it\/blog\/eventi\/notte-tamorra-napoli\/"},"author":{"name":"Vincenzo Petrazzuolo","@id":"https:\/\/campaniashopping.it\/blog\/#\/schema\/person\/2fbe0c1e1aa91523873f017c157d96e3"},"headline":"La Notte della Tammorra 2025 a Napoli","datePublished":"2025-06-27T09:45:15+00:00","dateModified":"2025-06-27T13:18:48+00:00","mainEntityOfPage":{"@id":"https:\/\/campaniashopping.it\/blog\/eventi\/notte-tamorra-napoli\/"},"wordCount":1178,"publisher":{"@id":"https:\/\/campaniashopping.it\/blog\/#organization"},"image":{"@id":"https:\/\/campaniashopping.it\/blog\/eventi\/notte-tamorra-napoli\/#primaryimage"},"thumbnailUrl":"https:\/\/campaniashopping.it\/blog\/wp-content\/uploads\/2025\/06\/notte-della-tamorra-a-napoli.webp","articleSection":["Eventi","Feste"],"inLanguage":"it-IT"},{"@type":"WebPage","@id":"https:\/\/campaniashopping.it\/blog\/eventi\/notte-tamorra-napoli\/","url":"https:\/\/campaniashopping.it\/blog\/eventi\/notte-tamorra-napoli\/","name":"Notte della Tammorra 2025 a Napoli: programma e artisti","isPartOf":{"@id":"https:\/\/campaniashopping.it\/blog\/#website"},"primaryImageOfPage":{"@id":"https:\/\/campaniashopping.it\/blog\/eventi\/notte-tamorra-napoli\/#primaryimage"},"image":{"@id":"https:\/\/campaniashopping.it\/blog\/eventi\/notte-tamorra-napoli\/#primaryimage"},"thumbnailUrl":"https:\/\/campaniashopping.it\/blog\/wp-content\/uploads\/2025\/06\/notte-della-tamorra-a-napoli.webp","datePublished":"2025-06-27T09:45:15+00:00","dateModified":"2025-06-27T13:18:48+00:00","description":"Scopri tutto sulla Notte della Tammorra 2025 a Napoli: programma, ospiti, laboratori e concerti dal 1\u00b0 al 5 luglio in Piazza Mercato.","breadcrumb":{"@id":"https:\/\/campaniashopping.it\/blog\/eventi\/notte-tamorra-napoli\/#breadcrumb"},"inLanguage":"it-IT","potentialAction":[{"@type":"ReadAction","target":["https:\/\/campaniashopping.it\/blog\/eventi\/notte-tamorra-napoli\/"]}]},{"@type":"ImageObject","inLanguage":"it-IT","@id":"https:\/\/campaniashopping.it\/blog\/eventi\/notte-tamorra-napoli\/#primaryimage","url":"https:\/\/campaniashopping.it\/blog\/wp-content\/uploads\/2025\/06\/notte-della-tamorra-a-napoli.webp","contentUrl":"https:\/\/campaniashopping.it\/blog\/wp-content\/uploads\/2025\/06\/notte-della-tamorra-a-napoli.webp","width":800,"height":600,"caption":"notte della tamorra a napoli"},{"@type":"BreadcrumbList","@id":"https:\/\/campaniashopping.it\/blog\/eventi\/notte-tamorra-napoli\/#breadcrumb","itemListElement":[{"@type":"ListItem","position":1,"name":"Campaniablog","item":"https:\/\/campaniashopping.it\/blog\/"},{"@type":"ListItem","position":2,"name":"Eventi","item":"https:\/\/campaniashopping.it\/blog\/eventi\/"},{"@type":"ListItem","position":3,"name":"La Notte della Tammorra 2025 a Napoli"}]},{"@type":"WebSite","@id":"https:\/\/campaniashopping.it\/blog\/#website","url":"https:\/\/campaniashopping.it\/blog\/","name":"Ledblog Campania","description":"","publisher":{"@id":"https:\/\/campaniashopping.it\/blog\/#organization"},"alternateName":"blog campaniashopping","potentialAction":[{"@type":"SearchAction","target":{"@type":"EntryPoint","urlTemplate":"https:\/\/campaniashopping.it\/blog\/?s={search_term_string}"},"query-input":{"@type":"PropertyValueSpecification","valueRequired":true,"valueName":"search_term_string"}}],"inLanguage":"it-IT"},{"@type":"Organization","@id":"https:\/\/campaniashopping.it\/blog\/#organization","name":"USB","alternateName":"Ledblog Campania","url":"https:\/\/campaniashopping.it\/blog\/","logo":{"@type":"ImageObject","inLanguage":"it-IT","@id":"https:\/\/campaniashopping.it\/blog\/#\/schema\/logo\/image\/","url":"","contentUrl":"","caption":"USB"},"image":{"@id":"https:\/\/campaniashopping.it\/blog\/#\/schema\/logo\/image\/"},"description":"Ledblog Lombardia ha lo scopo di realizzare articoli che possano mettere in risalto luoghi ed eventi di tutta la lombardia."},{"@type":"Person","@id":"https:\/\/campaniashopping.it\/blog\/#\/schema\/person\/2fbe0c1e1aa91523873f017c157d96e3","name":"Vincenzo Petrazzuolo","image":{"@type":"ImageObject","inLanguage":"it-IT","@id":"https:\/\/secure.gravatar.com\/avatar\/499843695e056c2272a50777191130ffbf6c6cfac19942aa9f1c396321af5d02?s=96&d=mm&r=g","url":"https:\/\/secure.gravatar.com\/avatar\/499843695e056c2272a50777191130ffbf6c6cfac19942aa9f1c396321af5d02?s=96&d=mm&r=g","contentUrl":"https:\/\/secure.gravatar.com\/avatar\/499843695e056c2272a50777191130ffbf6c6cfac19942aa9f1c396321af5d02?s=96&d=mm&r=g","caption":"Vincenzo Petrazzuolo"},"description":"Laureato in Scienze Geologiche e SEO Specialist; ama fare sport, viaggiare e giocare ai videogames. Con una smodata curiosit\u00e0 per gli ambiti scientifici, esplora e approfondisce costantemente il mondo della tecnologia, dell'ambiente e del food \u2014 adora cucinare, e soprattutto mangiare. Sempre alla ricerca di nuove sfide, \u00e8 esperto nella scrittura e nell'analisi di contenuti digitali, con un focus sulla definizione di strategie efficaci per il posizionamento sui motori di ricerca."}]}},"acf":[],"_links":{"self":[{"href":"https:\/\/campaniashopping.it\/blog\/wp-json\/wp\/v2\/posts\/6918","targetHints":{"allow":["GET"]}}],"collection":[{"href":"https:\/\/campaniashopping.it\/blog\/wp-json\/wp\/v2\/posts"}],"about":[{"href":"https:\/\/campaniashopping.it\/blog\/wp-json\/wp\/v2\/types\/post"}],"author":[{"embeddable":true,"href":"https:\/\/campaniashopping.it\/blog\/wp-json\/wp\/v2\/users\/2"}],"replies":[{"embeddable":true,"href":"https:\/\/campaniashopping.it\/blog\/wp-json\/wp\/v2\/comments?post=6918"}],"version-history":[{"count":7,"href":"https:\/\/campaniashopping.it\/blog\/wp-json\/wp\/v2\/posts\/6918\/revisions"}],"predecessor-version":[{"id":6929,"href":"https:\/\/campaniashopping.it\/blog\/wp-json\/wp\/v2\/posts\/6918\/revisions\/6929"}],"wp:featuredmedia":[{"embeddable":true,"href":"https:\/\/campaniashopping.it\/blog\/wp-json\/wp\/v2\/media\/6919"}],"wp:attachment":[{"href":"https:\/\/campaniashopping.it\/blog\/wp-json\/wp\/v2\/media?parent=6918"}],"wp:term":[{"taxonomy":"category","embeddable":true,"href":"https:\/\/campaniashopping.it\/blog\/wp-json\/wp\/v2\/categories?post=6918"},{"taxonomy":"post_tag","embeddable":true,"href":"https:\/\/campaniashopping.it\/blog\/wp-json\/wp\/v2\/tags?post=6918"}],"curies":[{"name":"wp","href":"https:\/\/api.w.org\/{rel}","templated":true}]}}